{"id":421,"date":"2024-06-24T19:47:26","date_gmt":"2024-06-24T22:47:26","guid":{"rendered":"https:\/\/silvamanta.com\/?p=421"},"modified":"2025-01-20T13:20:53","modified_gmt":"2025-01-20T16:20:53","slug":"26-de-junio-del-2024-contribuyentes-de-irpf-e-iass-pueden-empezar-a-hacer-declaracion-jurada-correspondiente-al-ano-2023","status":"publish","type":"post","link":"https:\/\/silvamanta.com\/index.php\/2024\/06\/24\/26-de-junio-del-2024-contribuyentes-de-irpf-e-iass-pueden-empezar-a-hacer-declaracion-jurada-correspondiente-al-ano-2023\/","title":{"rendered":"26 de Junio del 2024 Contribuyentes de IRPF e IASS Pueden Empezar a Hacer Declaraci\u00f3n Jurada Correspondiente al A\u00f1o 2023"},"content":{"rendered":"\r\n<h4 class=\"wp-block-heading\">Qui\u00e9nes est\u00e1n obligados a presentar la declaraci\u00f3n de IRPF<\/h4>\r\n\r\n\r\n\r\n<p><strong>Trabajadores dependientes:<\/strong><\/p>\r\n\r\n\r\n\r\n<ul class=\"wp-block-list\">\r\n<li>Superaron en el per\u00edodo enero\/diciembre 2023 los $ 881.055 nominales y no percibieron ingresos en el mes de diciembre de 2023.<\/li>\r\n\r\n\r\n\r\n<li>Superaron en el per\u00edodo enero\/diciembre 2023 los $ 881.055 nominales y percibieron ingresos de m\u00e1s de un empleador (multi ingreso).<\/li>\r\n\r\n\r\n\r\n<li>No superaron en el per\u00edodo enero\/diciembre 2023 los $ 881.055 nominales, pero tuvieron ingresos de m\u00e1s de una instituci\u00f3n pagadora (multi ingreso) en forma simult\u00e1nea y no presentaron el formulario 3100.<\/li>\r\n\r\n\r\n\r\n<li>Optaron por la reducci\u00f3n del 5% en los anticipos por el r\u00e9gimen de n\u00facleo familiar.<\/li>\r\n<\/ul>\r\n\r\n\r\n\r\n<p>Los contribuyentes no incluidos en estos casos no estar\u00e1n obligados a presentar declaraci\u00f3n jurada, sin embargo, podr\u00e1n presentar declaraci\u00f3n quienes hayan tenido retenciones de IRPF durante el ejercicio 2023 y quieran acceder al cr\u00e9dito fiscal por arrendamiento.<\/p>\r\n\r\n\r\n\r\n<ul class=\"wp-block-list\">\r\n<li><strong>Trabajadores independientes:<\/strong><\/li>\r\n\r\n\r\n\r\n<li>Est\u00e1n obligados a presentar declaraci\u00f3n jurada de IRPF los trabajadores profesionales y no profesionales que hayan prestado servicios personales fuera de la relaci\u00f3n de dependencia durante el a\u00f1o 2023 y no hayan tributado IRAE por esas rentas.<\/li>\r\n<\/ul>\r\n\r\n\r\n\r\n<p><strong>Quienes obtuvieron rentas de capital:<\/strong><\/p>\r\n\r\n\r\n\r\n<p>Est\u00e1n obligados a presentar declaraci\u00f3n jurada de IRPF por rentas de capital:<\/p>\r\n\r\n\r\n\r\n<ul class=\"wp-block-list\">\r\n<li>Quienes hayan obtenido ingresos provenientes de\u00a0rentas de capital (intereses, incrementos patrimoniales, etc.) que no fueron objeto de retenci\u00f3n.<\/li>\r\n<\/ul>\r\n\r\n\r\n\r\n<p><strong>Contribuyentes de IASS<\/strong><\/p>\r\n\r\n\r\n\r\n<p><strong>Qui\u00e9nes deben presentar la declaraci\u00f3n de IASS<\/strong><\/p>\r\n\r\n\r\n\r\n<p>Est\u00e1n obligados a presentar declaraci\u00f3n jurada de IASS los jubilados y\/o pensionistas que se incluyan en alguna de las siguientes situaciones:<\/p>\r\n\r\n\r\n\r\n<ul class=\"wp-block-list\">\r\n<li>cobraron pasividades superiores a $ 881.055 nominales en el per\u00edodo enero\/ diciembre 2023 provenientes de m\u00e1s de una instituci\u00f3n previsional<\/li>\r\n\r\n\r\n\r\n<li>cobraron pasividades que no superaron $ 881.055 nominales en el per\u00edodo enero\/ diciembre 2023 de m\u00e1s de una instituci\u00f3n previsional en forma simult\u00e1nea y no presentaron el Formulario 3800\u00a0<\/li>\r\n\r\n\r\n\r\n<li>cobraron pasividades de un \u00fanico organismo previsional y no obtuvieron ingresos en el mes de diciembre 2023<\/li>\r\n<\/ul>\r\n\r\n\r\n\r\n<p>Los contribuyentes no incluidos en estos casos no estar\u00e1n obligados a presentar declaraci\u00f3n jurada, sin embargo, podr\u00e1n presentar declaraci\u00f3n quienes hayan tenido retenciones de IASS durante el ejercicio 2023 y quieran acceder al cr\u00e9dito fiscal por arrendamiento.<\/p>\r\n","protected":false},"excerpt":{"rendered":"<p>Qui\u00e9nes est\u00e1n obligados a presentar la declaraci\u00f3n de IRPF Trabajadores dependientes: Los contribuyentes no incluidos en estos casos no estar\u00e1n obligados a presentar declaraci\u00f3n jurada, sin embargo, podr\u00e1n presentar declaraci\u00f3n quienes hayan tenido retenciones de IRPF durante el ejercicio 2023 y quieran acceder al cr\u00e9dito fiscal por arrendamiento. Quienes obtuvieron rentas de capital: Est\u00e1n obligados &hellip; <a href=\"https:\/\/silvamanta.com\/index.php\/2024\/06\/24\/26-de-junio-del-2024-contribuyentes-de-irpf-e-iass-pueden-empezar-a-hacer-declaracion-jurada-correspondiente-al-ano-2023\/\" class=\"more-link\">Continue reading<span class=\"screen-reader-text\"> &#8220;26 de Junio del 2024 Contribuyentes de IRPF e IASS Pueden Empezar a Hacer Declaraci\u00f3n Jurada Correspondiente al A\u00f1o 2023&#8221;<\/span><\/a><\/p>\n","protected":false},"author":1,"featured_media":435,"comment_status":"closed","ping_status":"closed","sticky":false,"template":"","format":"standard","meta":{"_themeisle_gutenberg_block_has_review":false,"footnotes":""},"categories":[1],"tags":[70,313,312,318,68,67,311,310,97,278,321,322,66,323,65,316,69,277,317,319,320,315,325,324,288,314,105],"class_list":["post-421","post","type-post","status-publish","format-standard","has-post-thumbnail","hentry","category-noticias","tag-contribuyentes","tag-contribuyentes-iass","tag-contribuyentes-irpf","tag-credito-fiscal-por-arrendamiento","tag-declaracion","tag-declaracion-jurada","tag-declaracion-jurada-iass","tag-declaracion-jurada-irpf","tag-dgi","tag-direccion-general-impositiva","tag-formulario-3100","tag-formulario-3800","tag-iass","tag-ingresos-nominales","tag-irpf","tag-jubilados","tag-jurada","tag-ministerio-de-economia-y-finanzas","tag-pensionistas","tag-reduccion-de-anticipos","tag-regimen-de-nucleo-familiar","tag-rentas-de-capital","tag-retenciones-de-iass","tag-retenciones-de-irpf","tag-servicios-personales","tag-trabajadores-dependientes","tag-trabajadores-independientes"],"_links":{"self":[{"href":"https:\/\/silvamanta.com\/index.php\/wp-json\/wp\/v2\/posts\/421","targetHints":{"allow":["GET"]}}],"collection":[{"href":"https:\/\/silvamanta.com\/index.php\/wp-json\/wp\/v2\/posts"}],"about":[{"href":"https:\/\/silvamanta.com\/index.php\/wp-json\/wp\/v2\/types\/post"}],"author":[{"embeddable":true,"href":"https:\/\/silvamanta.com\/index.php\/wp-json\/wp\/v2\/users\/1"}],"replies":[{"embeddable":true,"href":"https:\/\/silvamanta.com\/index.php\/wp-json\/wp\/v2\/comments?post=421"}],"version-history":[{"count":5,"href":"https:\/\/silvamanta.com\/index.php\/wp-json\/wp\/v2\/posts\/421\/revisions"}],"predecessor-version":[{"id":777,"href":"https:\/\/silvamanta.com\/index.php\/wp-json\/wp\/v2\/posts\/421\/revisions\/777"}],"wp:featuredmedia":[{"embeddable":true,"href":"https:\/\/silvamanta.com\/index.php\/wp-json\/wp\/v2\/media\/435"}],"wp:attachment":[{"href":"https:\/\/silvamanta.com\/index.php\/wp-json\/wp\/v2\/media?parent=421"}],"wp:term":[{"taxonomy":"category","embeddable":true,"href":"https:\/\/silvamanta.com\/index.php\/wp-json\/wp\/v2\/categories?post=421"},{"taxonomy":"post_tag","embeddable":true,"href":"https:\/\/silvamanta.com\/index.php\/wp-json\/wp\/v2\/tags?post=421"}],"curies":[{"name":"wp","href":"https:\/\/api.w.org\/{rel}","templated":true}]}}